{"id":665,"date":"2016-09-15T16:52:02","date_gmt":"2016-09-15T23:52:02","guid":{"rendered":"https:\/\/www.palomar.edu\/news\/?p=665"},"modified":"2025-07-07T11:45:00","modified_gmt":"2025-07-07T18:45:00","slug":"palomar-college-presents-tarde-de-familia-september-30","status":"publish","type":"post","link":"https:\/\/www.palomar.edu\/news\/palomar-college-presents-tarde-de-familia-september-30\/","title":{"rendered":"Palomar College Presents Tarde de Familia September 30"},"content":{"rendered":"<p>SAN MARCOS \u2013 <em>Tarde de Familia: An Evening for Our Families<\/em> will be held on\u00a0 Friday, September 30, from 6 \u2013 8 p.m. at the Student Union at Palomar College in San Marcos, at 1140 West Mission Road. The event will include speakers, networking opportunities, and information about Palomar College\u2019s academic, student services and support programs. \u00a0Dinner and parking in Lots 1 and 2 are complimentary. Presentations will be in Spanish.<\/p>\n<p>The theme for this semester\u2019s <em>Tarde de Familia<\/em> event is Entrepreneurship \/Small Business. Featured speakers are three individuals who have overcome adversity to achieve their educational and\/or career goals. The speakers are Bill de la Fuente, business owner, Comerciantes Latinos y Asociados; Claudia Tapia, business owner, Abriendo Puertas, Traditions Real Estate; and Beatriz Arrellano, current business student.<\/p>\n<p>Following the presentations, guests will be able to network with small business owners and representatives from the various academic, student services and support programs available at Palomar College. Designed to bring together students and their families with Latino professionals, this biannual event also showcases the many programs and resources available to assist underrepresented students at Palomar College.<\/p>\n<p><em>Tarde de Familia<\/em> is hosted by the Association of Latinos and Allies for Student Success (ALASS) and chair Dr. Rodolfo Jacobo, who originated the event in 2011.<\/p>\n<p>Dr. Jack Kahn, dean of Social and Behavioral Sciences (SBS) credits Dr. Jacobo and other members of ALASS, an all-volunteer group of staff, faculty and students, for making this event a success every semester. \u201cFormed to provide support to the Hispanic community, the group has enlisted representatives from several College departments and programs to offer outreach at the event,\u201d he said. Some areas to be represented include English as a Second Language (ESL); SBS; Science, Technology, Engineering and Mathematics (STEM); the Teaching and Learning Center (TLC); <strong>Gaining Early Awareness and Readiness for Undergraduate Programs (GEAR UP);<\/strong> Star Tutoring; and many others.<\/p>\n<p>With figures showing Palomar\u2019s Hispanic student population at 39% and growing, the College is recognized as a Hispanic Serving Institution (HSI) and receives funding from the federal government designated \u201cto assist with strengthening institutional programs, facilities, and services to expand the educational opportunities for Hispanic Americans and other underrepresented populations.\u201d (U.S. Dept. of Education website). Kahn said that <em>Tarde de Familia<\/em> is one of many events and programs HSI funding helps make possible.<\/p>\n<p># # #<\/p>\n<p><em>Informaci\u00f3n en espa\u00f1ol<\/em><\/p>\n<p><strong>\u00a1El Colegio Palomar los <\/strong><strong>invita<\/strong><strong> cordialmente<\/strong> <strong>a participar en nuestra <em>Tarde de Familia<\/em>!<\/strong><\/p>\n<p><strong>Viernes, 30 de Septiembre 2016<br \/>\n<\/strong><strong>6 \u2013 8 p.m.<br \/>\n<\/strong><strong>Palomar College<br \/>\n<\/strong><strong>1140 West Mission Road, San Marcos CA 92069<\/strong><\/p>\n<p><strong>Escuchen relatos sobre los obst\u00e1culos y \u00e9xitos personales de tres latinos que superaron la adversidad para lograr sus metas educativas y ejercer sus carreras en el campo de la comercia. <\/strong><\/p>\n<p><strong>Al concluir las presentaciones, pasen a convivir con los oradores y varios representantes quienes les dar\u00e1n informaci\u00f3n sobre las diversas ramas acad\u00e9micas y recursos de apoyo disponibles en el Colegio Palomar.<\/strong><\/p>\n<p><strong>Presentaciones ser\u00e1n en espa\u00f1ol.<\/strong><\/p>\n<p><strong>\u00a1Estacionamiento<\/strong>\u00a0<strong>y Cena Gratis!<\/strong><\/p>\n<p><a href=\"https:\/\/www.eventbrite.com\/e\/tarde-de-familia-featuring-public-safety-programs-tickets-22131340435\">Por favor presione AQU\u013a para registrarse m\u00e1s r\u00e1pido<\/a><\/p>\n<p><em># # #<\/em><\/p>\n","protected":false},"excerpt":{"rendered":"<p>SAN MARCOS \u2013 Tarde de Familia: An Evening for Our Families will be held on\u00a0 Friday, September 30, from 6 \u2013 8 p.m. at the Student Union at Palomar College in San Marcos, at 1140 West Mission Road. The event will include speakers, networking opportunities, and information about Palomar College\u2019s academic, student services and support&hellip; <a class=\"continue\" href=\"https:\/\/www.palomar.edu\/news\/palomar-college-presents-tarde-de-familia-september-30\/\">\u00a0Continue Reading:<span> Palomar College Presents Tarde de Familia September 30<\/span><\/a><\/p>\n","protected":false},"author":132,"featured_media":0,"comment_status":"closed","ping_status":"closed","sticky":false,"template":"","format":"standard","meta":{"_acf_changed":false,"_et_pb_use_builder":"","_et_pb_old_content":"","_et_gb_content_width":"","footnotes":""},"categories":[1],"tags":[],"class_list":["post-665","post","type-post","status-publish","format-standard","hentry","category-uncategorized"],"acf":[],"yoast_head":"<!-- This site is optimized with the Yoast SEO plugin v27.4 - https:\/\/yoast.com\/product\/yoast-seo-wordpress\/ -->\n<title>Palomar College Presents Tarde de Familia September 30 - Palomar News<\/title>\n<meta name=\"robots\" content=\"index, follow, max-snippet:-1, max-image-preview:large, max-video-preview:-1\" \/>\n<link rel=\"canonical\" href=\"https:\/\/www.palomar.edu\/news\/palomar-college-presents-tarde-de-familia-september-30\/\" \/>\n<meta property=\"og:locale\" content=\"en_US\" \/>\n<meta property=\"og:type\" content=\"article\" \/>\n<meta property=\"og:title\" content=\"Palomar College Presents Tarde de Familia September 30 - Palomar News\" \/>\n<meta property=\"og:description\" content=\"SAN MARCOS \u2013 Tarde de Familia: An Evening for Our Families will be held on\u00a0 Friday, September 30, from 6 \u2013 8 p.m. at the Student Union at Palomar College in San Marcos, at 1140 West Mission Road. The event will include speakers, networking opportunities, and information about Palomar College\u2019s academic, student services and support&hellip; \u00a0Continue Reading: Palomar College Presents Tarde de Familia September 30\" \/>\n<meta property=\"og:url\" content=\"https:\/\/www.palomar.edu\/news\/palomar-college-presents-tarde-de-familia-september-30\/\" \/>\n<meta property=\"og:site_name\" content=\"Palomar News\" \/>\n<meta property=\"article:published_time\" content=\"2016-09-15T23:52:02+00:00\" \/>\n<meta property=\"article:modified_time\" content=\"2025-07-07T18:45:00+00:00\" \/>\n<meta name=\"author\" content=\"Melinda Finn\" \/>\n<meta name=\"twitter:card\" content=\"summary_large_image\" \/>\n<meta name=\"twitter:label1\" content=\"Written by\" \/>\n\t<meta name=\"twitter:data1\" content=\"Melinda Finn\" \/>\n\t<meta name=\"twitter:label2\" content=\"Est. reading time\" \/>\n\t<meta name=\"twitter:data2\" content=\"3 minutes\" \/>\n<script type=\"application\/ld+json\" class=\"yoast-schema-graph\">{\"@context\":\"https:\\\/\\\/schema.org\",\"@graph\":[{\"@type\":\"Article\",\"@id\":\"https:\\\/\\\/www.palomar.edu\\\/news\\\/palomar-college-presents-tarde-de-familia-september-30\\\/#article\",\"isPartOf\":{\"@id\":\"https:\\\/\\\/www.palomar.edu\\\/news\\\/palomar-college-presents-tarde-de-familia-september-30\\\/\"},\"author\":{\"name\":\"Melinda Finn\",\"@id\":\"https:\\\/\\\/www.palomar.edu\\\/news\\\/#\\\/schema\\\/person\\\/a4c3dcca6b35dcb015eeb7f93206fe17\"},\"headline\":\"Palomar College Presents Tarde de Familia September 30\",\"datePublished\":\"2016-09-15T23:52:02+00:00\",\"dateModified\":\"2025-07-07T18:45:00+00:00\",\"mainEntityOfPage\":{\"@id\":\"https:\\\/\\\/www.palomar.edu\\\/news\\\/palomar-college-presents-tarde-de-familia-september-30\\\/\"},\"wordCount\":505,\"inLanguage\":\"en-US\"},{\"@type\":\"WebPage\",\"@id\":\"https:\\\/\\\/www.palomar.edu\\\/news\\\/palomar-college-presents-tarde-de-familia-september-30\\\/\",\"url\":\"https:\\\/\\\/www.palomar.edu\\\/news\\\/palomar-college-presents-tarde-de-familia-september-30\\\/\",\"name\":\"Palomar College Presents Tarde de Familia September 30 - Palomar News\",\"isPartOf\":{\"@id\":\"https:\\\/\\\/www.palomar.edu\\\/news\\\/#website\"},\"datePublished\":\"2016-09-15T23:52:02+00:00\",\"dateModified\":\"2025-07-07T18:45:00+00:00\",\"author\":{\"@id\":\"https:\\\/\\\/www.palomar.edu\\\/news\\\/#\\\/schema\\\/person\\\/a4c3dcca6b35dcb015eeb7f93206fe17\"},\"breadcrumb\":{\"@id\":\"https:\\\/\\\/www.palomar.edu\\\/news\\\/palomar-college-presents-tarde-de-familia-september-30\\\/#breadcrumb\"},\"inLanguage\":\"en-US\",\"potentialAction\":[{\"@type\":\"ReadAction\",\"target\":[\"https:\\\/\\\/www.palomar.edu\\\/news\\\/palomar-college-presents-tarde-de-familia-september-30\\\/\"]}]},{\"@type\":\"BreadcrumbList\",\"@id\":\"https:\\\/\\\/www.palomar.edu\\\/news\\\/palomar-college-presents-tarde-de-familia-september-30\\\/#breadcrumb\",\"itemListElement\":[{\"@type\":\"ListItem\",\"position\":1,\"name\":\"Home\",\"item\":\"https:\\\/\\\/www.palomar.edu\\\/news\\\/\"},{\"@type\":\"ListItem\",\"position\":2,\"name\":\"Palomar College Presents Tarde de Familia September 30\"}]},{\"@type\":\"WebSite\",\"@id\":\"https:\\\/\\\/www.palomar.edu\\\/news\\\/#website\",\"url\":\"https:\\\/\\\/www.palomar.edu\\\/news\\\/\",\"name\":\"Palomar News\",\"description\":\"\",\"potentialAction\":[{\"@type\":\"SearchAction\",\"target\":{\"@type\":\"EntryPoint\",\"urlTemplate\":\"https:\\\/\\\/www.palomar.edu\\\/news\\\/?s={search_term_string}\"},\"query-input\":{\"@type\":\"PropertyValueSpecification\",\"valueRequired\":true,\"valueName\":\"search_term_string\"}}],\"inLanguage\":\"en-US\"},{\"@type\":\"Person\",\"@id\":\"https:\\\/\\\/www.palomar.edu\\\/news\\\/#\\\/schema\\\/person\\\/a4c3dcca6b35dcb015eeb7f93206fe17\",\"name\":\"Melinda Finn\",\"image\":{\"@type\":\"ImageObject\",\"inLanguage\":\"en-US\",\"@id\":\"https:\\\/\\\/secure.gravatar.com\\\/avatar\\\/9c51b831747d7f7790faa6c41c32b7362d715c4457baa33e3f65e51bd8c4a8f1?s=96&d=mm&r=g\",\"url\":\"https:\\\/\\\/secure.gravatar.com\\\/avatar\\\/9c51b831747d7f7790faa6c41c32b7362d715c4457baa33e3f65e51bd8c4a8f1?s=96&d=mm&r=g\",\"contentUrl\":\"https:\\\/\\\/secure.gravatar.com\\\/avatar\\\/9c51b831747d7f7790faa6c41c32b7362d715c4457baa33e3f65e51bd8c4a8f1?s=96&d=mm&r=g\",\"caption\":\"Melinda Finn\"},\"url\":\"https:\\\/\\\/www.palomar.edu\\\/news\\\/author\\\/mfinn\\\/\"}]}<\/script>\n<!-- \/ Yoast SEO plugin. -->","yoast_head_json":{"title":"Palomar College Presents Tarde de Familia September 30 - Palomar News","robots":{"index":"index","follow":"follow","max-snippet":"max-snippet:-1","max-image-preview":"max-image-preview:large","max-video-preview":"max-video-preview:-1"},"canonical":"https:\/\/www.palomar.edu\/news\/palomar-college-presents-tarde-de-familia-september-30\/","og_locale":"en_US","og_type":"article","og_title":"Palomar College Presents Tarde de Familia September 30 - Palomar News","og_description":"SAN MARCOS \u2013 Tarde de Familia: An Evening for Our Families will be held on\u00a0 Friday, September 30, from 6 \u2013 8 p.m. at the Student Union at Palomar College in San Marcos, at 1140 West Mission Road. The event will include speakers, networking opportunities, and information about Palomar College\u2019s academic, student services and support&hellip; \u00a0Continue Reading: Palomar College Presents Tarde de Familia September 30","og_url":"https:\/\/www.palomar.edu\/news\/palomar-college-presents-tarde-de-familia-september-30\/","og_site_name":"Palomar News","article_published_time":"2016-09-15T23:52:02+00:00","article_modified_time":"2025-07-07T18:45:00+00:00","author":"Melinda Finn","twitter_card":"summary_large_image","twitter_misc":{"Written by":"Melinda Finn","Est. reading time":"3 minutes"},"schema":{"@context":"https:\/\/schema.org","@graph":[{"@type":"Article","@id":"https:\/\/www.palomar.edu\/news\/palomar-college-presents-tarde-de-familia-september-30\/#article","isPartOf":{"@id":"https:\/\/www.palomar.edu\/news\/palomar-college-presents-tarde-de-familia-september-30\/"},"author":{"name":"Melinda Finn","@id":"https:\/\/www.palomar.edu\/news\/#\/schema\/person\/a4c3dcca6b35dcb015eeb7f93206fe17"},"headline":"Palomar College Presents Tarde de Familia September 30","datePublished":"2016-09-15T23:52:02+00:00","dateModified":"2025-07-07T18:45:00+00:00","mainEntityOfPage":{"@id":"https:\/\/www.palomar.edu\/news\/palomar-college-presents-tarde-de-familia-september-30\/"},"wordCount":505,"inLanguage":"en-US"},{"@type":"WebPage","@id":"https:\/\/www.palomar.edu\/news\/palomar-college-presents-tarde-de-familia-september-30\/","url":"https:\/\/www.palomar.edu\/news\/palomar-college-presents-tarde-de-familia-september-30\/","name":"Palomar College Presents Tarde de Familia September 30 - Palomar News","isPartOf":{"@id":"https:\/\/www.palomar.edu\/news\/#website"},"datePublished":"2016-09-15T23:52:02+00:00","dateModified":"2025-07-07T18:45:00+00:00","author":{"@id":"https:\/\/www.palomar.edu\/news\/#\/schema\/person\/a4c3dcca6b35dcb015eeb7f93206fe17"},"breadcrumb":{"@id":"https:\/\/www.palomar.edu\/news\/palomar-college-presents-tarde-de-familia-september-30\/#breadcrumb"},"inLanguage":"en-US","potentialAction":[{"@type":"ReadAction","target":["https:\/\/www.palomar.edu\/news\/palomar-college-presents-tarde-de-familia-september-30\/"]}]},{"@type":"BreadcrumbList","@id":"https:\/\/www.palomar.edu\/news\/palomar-college-presents-tarde-de-familia-september-30\/#breadcrumb","itemListElement":[{"@type":"ListItem","position":1,"name":"Home","item":"https:\/\/www.palomar.edu\/news\/"},{"@type":"ListItem","position":2,"name":"Palomar College Presents Tarde de Familia September 30"}]},{"@type":"WebSite","@id":"https:\/\/www.palomar.edu\/news\/#website","url":"https:\/\/www.palomar.edu\/news\/","name":"Palomar News","description":"","potentialAction":[{"@type":"SearchAction","target":{"@type":"EntryPoint","urlTemplate":"https:\/\/www.palomar.edu\/news\/?s={search_term_string}"},"query-input":{"@type":"PropertyValueSpecification","valueRequired":true,"valueName":"search_term_string"}}],"inLanguage":"en-US"},{"@type":"Person","@id":"https:\/\/www.palomar.edu\/news\/#\/schema\/person\/a4c3dcca6b35dcb015eeb7f93206fe17","name":"Melinda Finn","image":{"@type":"ImageObject","inLanguage":"en-US","@id":"https:\/\/secure.gravatar.com\/avatar\/9c51b831747d7f7790faa6c41c32b7362d715c4457baa33e3f65e51bd8c4a8f1?s=96&d=mm&r=g","url":"https:\/\/secure.gravatar.com\/avatar\/9c51b831747d7f7790faa6c41c32b7362d715c4457baa33e3f65e51bd8c4a8f1?s=96&d=mm&r=g","contentUrl":"https:\/\/secure.gravatar.com\/avatar\/9c51b831747d7f7790faa6c41c32b7362d715c4457baa33e3f65e51bd8c4a8f1?s=96&d=mm&r=g","caption":"Melinda Finn"},"url":"https:\/\/www.palomar.edu\/news\/author\/mfinn\/"}]}},"publishpress_future_action":{"enabled":false,"date":"2026-05-03 02:22:01","action":"change-status","newStatus":"draft","terms":[],"taxonomy":"category","extraData":[]},"publishpress_future_workflow_manual_trigger":{"enabledWorkflows":[]},"_links":{"self":[{"href":"https:\/\/www.palomar.edu\/news\/wp-json\/wp\/v2\/posts\/665","targetHints":{"allow":["GET"]}}],"collection":[{"href":"https:\/\/www.palomar.edu\/news\/wp-json\/wp\/v2\/posts"}],"about":[{"href":"https:\/\/www.palomar.edu\/news\/wp-json\/wp\/v2\/types\/post"}],"author":[{"embeddable":true,"href":"https:\/\/www.palomar.edu\/news\/wp-json\/wp\/v2\/users\/132"}],"replies":[{"embeddable":true,"href":"https:\/\/www.palomar.edu\/news\/wp-json\/wp\/v2\/comments?post=665"}],"version-history":[{"count":3,"href":"https:\/\/www.palomar.edu\/news\/wp-json\/wp\/v2\/posts\/665\/revisions"}],"predecessor-version":[{"id":9664,"href":"https:\/\/www.palomar.edu\/news\/wp-json\/wp\/v2\/posts\/665\/revisions\/9664"}],"wp:attachment":[{"href":"https:\/\/www.palomar.edu\/news\/wp-json\/wp\/v2\/media?parent=665"}],"wp:term":[{"taxonomy":"category","embeddable":true,"href":"https:\/\/www.palomar.edu\/news\/wp-json\/wp\/v2\/categories?post=665"},{"taxonomy":"post_tag","embeddable":true,"href":"https:\/\/www.palomar.edu\/news\/wp-json\/wp\/v2\/tags?post=665"}],"curies":[{"name":"wp","href":"https:\/\/api.w.org\/{rel}","templated":true}]}}